{"id":285,"date":"2025-05-25T16:35:32","date_gmt":"2025-05-25T15:35:32","guid":{"rendered":"https:\/\/theobald-media.de\/?p=285"},"modified":"2026-01-18T16:36:27","modified_gmt":"2026-01-18T15:36:27","slug":"endlich-wird-in-der-lindenstrasse-gebaut","status":"publish","type":"post","link":"https:\/\/theobald-media.de\/?p=285","title":{"rendered":"Endlich wird in der Lindenstra\u00dfe gebaut!"},"content":{"rendered":"<p>Diese Provinzposse l\u00e4sst einen nur den Kopf sch\u00fctteln. Warum Schwetzinger Gemeinder\u00e4te ihrer eigenen Parteibeschl\u00fcsse ignorieren, ist seltsam. Waren es doch Rote und Gr\u00fcne im Bund, die in der letzten Legislatur 400.000 Wohnungen bauen wollten. Jetzt kann in der Lindenstra\u00dfe gebaut werden, aber nach drei Jahren Hin und Her.<\/p>\n<p>Nat\u00fcrlich ist es besser innerst\u00e4dtische Fl\u00e4chen zu verdichten, als Ackerland zu bebauen, aber das scheint einigen Gemeinder\u00e4ten nicht als Argument zu dienen. Wo sind eigentlich die Antr\u00e4ge unserer gew\u00e4hlten politischen Vertreter f\u00fcr den so vehement geforderten \u201esozialen Wohnungsbau mit Berechtigungsschein\u201c auf Schwetzinger Gemarkung? Hat man Angst davor, dann von den Anliegern nicht mehr gew\u00e4hlt zu werden? In den Schwetzinger H\u00f6fen hat das vor Jahren der EX-OB P\u00f6ltl mit dem heutigen OB verhindert.<\/p>\n<p>Klar ist, nach dem Hickhack und Auflagen kann es in der Lindenstra\u00dfe nur teuren Wohnraum geben. Aber da ziehen dann Mensch ein, die aus billigerem Wohnraum ausziehen usw. Am Ende der Kette wird dann Wohnraum frei, den sich alle so sehnlichst w\u00fcnschen.<\/p>\n<p>Stattdessen wird sich \u00fcber das B-Plan-Verfahren aufgeregt, der Investor wird beschimpft und Regelverst\u00f6\u00dfe zum Artenschutz werden kritisiert. Angeblich w\u00e4re das durch den \u201eNachbarn aufgedeckt\u201c worden. Klar, wenn man den Teich leerpumpen will, fragt man zuerst die Fr\u00f6sche! Denn leider bleibt es bei einer innerst\u00e4dtischen Verdichtung nicht bei einem unverbauten Blick ins Gr\u00fcne. Deshalb hei\u00dft es ja Verdichtung \u2013 und hier muss die Stadt nat\u00fcrlich klug entscheiden und Umweltaspekte, sowie das Nachbarschaftsrecht ber\u00fccksichtigen.<\/p>\n<p>Dann bleibt noch die \u201egr\u00fcne Lunge\u201c, eine Absichtserkl\u00e4rung des Gemeinderats? Eine Erkl\u00e4rung unseres heutigen Ob\u2019s? Warum eigentlich kein Satzungsbeschluss \u00fcber alle Grundst\u00fccke, auch \u00fcber die, im sogenannten 34er Gebiet? Und gleich dazu eine Baumschutzsatzung nach Heidelberger Modell! Denn vor ein paar Monaten wurde die Bebauung zwischen Friedrich-Ebert-Stra\u00dfe und Mannheimer Stra\u00dfe 68 fertig. Vier neue H\u00e4user, zwei davon in der sogenannten \u201egr\u00fcnen Lunge\u201c. Wo waren sie da, liebe Gemeinder\u00e4te?<\/p>\n<p>Der so beschriebene \u201efinanzstarke Investor\u201c ist \u00fcbrigens ein Schwetzinger Einzelunternehmer, eher ein Privatinvestor, der mit dem G\u00e4rtner W\u00f6rn die Idee der Verdichtung schon vor vielen Jahren hatte. Er ist keine Heuschrecke und keiner, der Mietwucher mit Indexmieten betreibt. Im Gegenteil, alles was er gebaut und umgebaut hat, ist zusammen mit seinen K\u00e4ufern und Mietern im Einklang passiert. So wurde auch das erste Artenschutzgutachten von Gutachter und st\u00e4dtischem Bauamt als vollkommen ausreichend betrachtet.<\/p>\n<p>Nur noch eins: Damit mehr gebaut wird, m\u00fcsse an mehreren Stellschrauben gedreht werden, so unsere neue Bundesbauministerin Verena Hubertz. Und das sind aus ihrer Sicht vor allem die beim Tempo, bei der Technologie, um so auch Baukosten zu senken &#8211; und bei der Toleranz. Das Motto, es m\u00fcsse gebaut werden, aber bitte nicht im eigenen Hinterhof, d\u00fcrfe nicht mehr gelten.<\/p>\n<p>Um den sogenannten \u201eBau-Turbo&#8220; auch umzusetzen, sollen Kommunen in Deutschland Instrumente in die Hand bekommen, k\u00fcndigte Hubertz an. Damit sollen lange Antrags- und Bearbeitungszeiten verk\u00fcrzt werden. Dahinter verbirgt sich laut der Bauministerin ein Paragraph im Baugesetzbuch, der das schnellere Bauen erm\u00f6glichen soll.<\/p>\n<p>Man kann der SPD-Ministerin nur viel Gl\u00fcck w\u00fcnschen!<\/p>\n","protected":false},"excerpt":{"rendered":"<p>Diese Provinzposse l\u00e4sst einen nur den Kopf sch\u00fctteln. Warum Schwetzinger Gemeinder\u00e4te ihrer eigenen Parteibeschl\u00fcsse ignorieren, ist seltsam. Waren es doch Rote und Gr\u00fcne im Bund, die in der letzten Legislatur 400.000 Wohnungen bauen wollten. Jetzt kann in der Lindenstra\u00dfe gebaut werden, aber nach drei Jahren Hin und Her. Nat\u00fcrlich ist es besser innerst\u00e4dtische Fl\u00e4chen zu &hellip; <\/p>\n<p class=\"link-more\"><a href=\"https:\/\/theobald-media.de\/?p=285\" class=\"more-link\"><span class=\"screen-reader-text\">\u201eEndlich wird in der Lindenstra\u00dfe gebaut!\u201c<\/span> weiterlesen<\/a><\/p>\n","protected":false},"author":1,"featured_media":0,"comment_status":"open","ping_status":"open","sticky":false,"template":"","format":"standard","meta":{"footnotes":""},"categories":[1],"tags":[],"class_list":["post-285","post","type-post","status-publish","format-standard","hentry","category-uncategorized"],"_links":{"self":[{"href":"https:\/\/theobald-media.de\/index.php?rest_route=\/wp\/v2\/posts\/285","targetHints":{"allow":["GET"]}}],"collection":[{"href":"https:\/\/theobald-media.de\/index.php?rest_route=\/wp\/v2\/posts"}],"about":[{"href":"https:\/\/theobald-media.de\/index.php?rest_route=\/wp\/v2\/types\/post"}],"author":[{"embeddable":true,"href":"https:\/\/theobald-media.de\/index.php?rest_route=\/wp\/v2\/users\/1"}],"replies":[{"embeddable":true,"href":"https:\/\/theobald-media.de\/index.php?rest_route=%2Fwp%2Fv2%2Fcomments&post=285"}],"version-history":[{"count":1,"href":"https:\/\/theobald-media.de\/index.php?rest_route=\/wp\/v2\/posts\/285\/revisions"}],"predecessor-version":[{"id":286,"href":"https:\/\/theobald-media.de\/index.php?rest_route=\/wp\/v2\/posts\/285\/revisions\/286"}],"wp:attachment":[{"href":"https:\/\/theobald-media.de\/index.php?rest_route=%2Fwp%2Fv2%2Fmedia&parent=285"}],"wp:term":[{"taxonomy":"category","embeddable":true,"href":"https:\/\/theobald-media.de\/index.php?rest_route=%2Fwp%2Fv2%2Fcategories&post=285"},{"taxonomy":"post_tag","embeddable":true,"href":"https:\/\/theobald-media.de\/index.php?rest_route=%2Fwp%2Fv2%2Ftags&post=285"}],"curies":[{"name":"wp","href":"https:\/\/api.w.org\/{rel}","templated":true}]}}