{"id":291,"date":"2025-09-18T16:38:57","date_gmt":"2025-09-18T15:38:57","guid":{"rendered":"https:\/\/theobald-media.de\/?p=291"},"modified":"2026-01-18T16:39:56","modified_gmt":"2026-01-18T15:39:56","slug":"verbrennerverbot","status":"publish","type":"post","link":"https:\/\/theobald-media.de\/?p=291","title":{"rendered":"Verbrennerverbot"},"content":{"rendered":"<p>Die Automobilmesse in M\u00fcnchen ist in vollem Gange und die Union verbreitet wieder Angst und Schrecken. Dabei hat der Weltmarkt l\u00e4ngst entschieden, dass die Elektromobilit\u00e4t unsere Zukunft ist. Insbesondere China zeigt dem Autoland Deutschland, wo es lang geht. Deshalb sind bei uns 700.000 Arbeitspl\u00e4tze gef\u00e4hrdet, wenn Konservative, wie Markus S\u00f6der vom Mythos einer l\u00e4ngst vergangenen Zeit schw\u00e4rmt.<\/p>\n<p>Er fordert eine EU-weite R\u00fccknahme des sogenannten \u201eVerbrennerverbots\u201c ab 2035, das besagt, dass ab 2035 keine am Auspuff klimasch\u00e4dlichen Fahrzeuge mehr zugelassen werden d\u00fcrfen. Was f\u00fcr eine Scheindebatte, mit der S\u00f6der der Automobilindustrie insgesamt mehr schadet als nutzt! Eine Verunsicherung der Interessenten und die daraus resultierende Kaufzur\u00fcckhaltung verst\u00e4rkt die negativen Effekte in der Automobilindustrie. \u00dcbrigens wird es niemandem verboten, ein Auto mit Verbrennungsmotor zu fahren, auch nach 2035.<\/p>\n<p>Kanzler Merz fordert auf der IAA einmal mehr \u201eTechnologieoffenheit\u201c und will somit individuelles Fahren m\u00f6glich machen. Aber Elektroautos sind gerade daf\u00fcr die L\u00f6sung, dass individuelle Mobilit\u00e4t auch in Zukunft leistbar bleibt. Angesichts der CO\u2082-Preise und der Effizienz der direkten Nutzung von Strom ist die Elektromobilit\u00e4t die einzig effektive L\u00f6sung.<\/p>\n<p>Die EU hat zudem klare Klimaziele vorgegeben, die nur durch eine Elektrifizierung des Automobilbereichs realisierbar sind. Anstatt also alte Debatten immer wieder aufzuw\u00e4rmen, sollten wir uns Gedanken machen, wie sich die Elektromobilit\u00e4t so attraktiv machen l\u00e4sst, dass sie f\u00fcr alle zur echten Alternative wird. Dazu geh\u00f6rt selbstverst\u00e4ndlich auch ein weiterer intensiver Ausbau der Ladeinfrastruktur und g\u00fcnstiges Laden im \u00f6ffentlichen Raum. Ebenso brauchen wir die Verl\u00e4ngerung der Kfz-Steuerbefreiung f\u00fcr Elektroautos bis 2035. Diese ist bisher durch den Koalitionsvertrag zugesagt, muss aber auch umgesetzt werden.<\/p>\n","protected":false},"excerpt":{"rendered":"<p>Die Automobilmesse in M\u00fcnchen ist in vollem Gange und die Union verbreitet wieder Angst und Schrecken. Dabei hat der Weltmarkt l\u00e4ngst entschieden, dass die Elektromobilit\u00e4t unsere Zukunft ist. Insbesondere China zeigt dem Autoland Deutschland, wo es lang geht. Deshalb sind bei uns 700.000 Arbeitspl\u00e4tze gef\u00e4hrdet, wenn Konservative, wie Markus S\u00f6der vom Mythos einer l\u00e4ngst vergangenen &hellip; <\/p>\n<p class=\"link-more\"><a href=\"https:\/\/theobald-media.de\/?p=291\" class=\"more-link\"><span class=\"screen-reader-text\">\u201eVerbrennerverbot\u201c<\/span> weiterlesen<\/a><\/p>\n","protected":false},"author":1,"featured_media":0,"comment_status":"open","ping_status":"open","sticky":false,"template":"","format":"standard","meta":{"footnotes":""},"categories":[1],"tags":[],"class_list":["post-291","post","type-post","status-publish","format-standard","hentry","category-uncategorized"],"_links":{"self":[{"href":"https:\/\/theobald-media.de\/index.php?rest_route=\/wp\/v2\/posts\/291","targetHints":{"allow":["GET"]}}],"collection":[{"href":"https:\/\/theobald-media.de\/index.php?rest_route=\/wp\/v2\/posts"}],"about":[{"href":"https:\/\/theobald-media.de\/index.php?rest_route=\/wp\/v2\/types\/post"}],"author":[{"embeddable":true,"href":"https:\/\/theobald-media.de\/index.php?rest_route=\/wp\/v2\/users\/1"}],"replies":[{"embeddable":true,"href":"https:\/\/theobald-media.de\/index.php?rest_route=%2Fwp%2Fv2%2Fcomments&post=291"}],"version-history":[{"count":1,"href":"https:\/\/theobald-media.de\/index.php?rest_route=\/wp\/v2\/posts\/291\/revisions"}],"predecessor-version":[{"id":292,"href":"https:\/\/theobald-media.de\/index.php?rest_route=\/wp\/v2\/posts\/291\/revisions\/292"}],"wp:attachment":[{"href":"https:\/\/theobald-media.de\/index.php?rest_route=%2Fwp%2Fv2%2Fmedia&parent=291"}],"wp:term":[{"taxonomy":"category","embeddable":true,"href":"https:\/\/theobald-media.de\/index.php?rest_route=%2Fwp%2Fv2%2Fcategories&post=291"},{"taxonomy":"post_tag","embeddable":true,"href":"https:\/\/theobald-media.de\/index.php?rest_route=%2Fwp%2Fv2%2Ftags&post=291"}],"curies":[{"name":"wp","href":"https:\/\/api.w.org\/{rel}","templated":true}]}}