{"id":295,"date":"2025-11-18T16:40:46","date_gmt":"2025-11-18T15:40:46","guid":{"rendered":"https:\/\/theobald-media.de\/?p=295"},"modified":"2026-01-18T16:41:41","modified_gmt":"2026-01-18T15:41:41","slug":"die-rente-ist-sicher-man-fragt-sich-nur-wie-lange","status":"publish","type":"post","link":"https:\/\/theobald-media.de\/?p=295","title":{"rendered":"Die Rente ist sicher, man fragt sich nur, wie lange!"},"content":{"rendered":"<p>Zur Rente wird viel geschrieben und jeder darf auch seine eigene \u201eMeinung\u201c haben, aber Fakt ist, dass Deutschland ein strukturelles Problem mit seinem Rentensystem hat. Im Gegensatz zu anderen L\u00e4ndern zahlen hier ein F\u00fcnftel der Erwerbst\u00e4tigen in Versorgungswerke ein, Beamte und Menschen die ausschlie\u00dfliche von Mieteinnahmen und Zinsen leben, beteiligen sich gar nicht an der Altersversorgung.<\/p>\n<p>&nbsp;<\/p>\n<p>Deshalb ist die SPD, nach Angaben ihres Generalsekret\u00e4rs Tim Kl\u00fcssendorf nicht bereit, erneut \u00fcber das Rentenpaket zu verhandeln. Man habe klare Signale, dass das Paket mit den vereinbarten Elementen wie Aktivrente, Haltelinie, Rentenniveau und M\u00fctterrente auch so beschlossen werde. Nat\u00fcrlich muss das Rentenniveau in Deutschland mit Milliardensummen stabilisiert werden, denn die Rente wird bei 48 Prozent des Durchschnittseinkommens bis 2031 abgesichert.<\/p>\n<p>&nbsp;<\/p>\n<p>Dass jetzt ein paar JU-Aktivisten pl\u00f6tzlich \u201eJunge Wilde\u201c spielen, hat wohl mehr mit Profilierung zu tun, als mit strukturellen Ver\u00e4nderungen des Rentensystems. Denn ein sinkendes Rentenniveau verst\u00e4rkt die Altersarmut, insbesondere f\u00fcr Menschen mit geringeren Rentenanspr\u00fcchen, die weniger R\u00fccklagen bilden konnten. Ebenfalls betroffen sind Personen mit geringeren Rentenanspr\u00fcchen, die wenige Beitragsjahre oder L\u00fccken im Versicherungsverlauf haben.<\/p>\n<p>Und dann der Vergleich mit \u00d6sterreich. Immer wieder gerne genommen, weil die Rentner dort tats\u00e4chlich mehr bekommen. Aber ist das vergleichbar?<\/p>\n<p>Klar ist, die h\u00f6heren Renten in \u00d6sterreich werden durch h\u00f6here Beitragss\u00e4tze und Bundesmittel pro Rente erm\u00f6glicht. Zudem zahlen mehr Erwerbst\u00e4tige, inklusive der Selbstst\u00e4ndigen in die Rente ein. Rund ein Viertel des Rentenunterschieds ergibt sich durch eine g\u00fcnstigere demografische Ausgangslage in \u00d6sterreich, die nicht unmittelbar auf Deutschland \u00fcbertragen werden kann.<\/p>\n<p>Und dann gibt es noch entscheidende Unterschiede zwischen den Systemen: Mindestens 15 Versicherungsjahre sind in \u00d6sterreich f\u00fcr den Bezug einer Rente notwendig. Der Bund \u00fcbernimmt allein die Finanzierungsrisiken, die sich zum Beispiel durch den demografischen Wandel ergeben.<\/p>\n<p>Ob \u00d6sterreich daher als Vorbild dient, bleibt fraglich. Interessant f\u00fcr die deutsche Reformdiskussion ist, wie es die \u00d6sterreicher geschafft haben, ein einheitliches Rentenrecht f\u00fcr alle Erwerbst\u00e4tigen, inklusive der Selbstst\u00e4ndigen und Beamten, auf den Weg zu bringen. Aber da stehen CDU und CSU ja auf der Bremse.<\/p>\n","protected":false},"excerpt":{"rendered":"<p>Zur Rente wird viel geschrieben und jeder darf auch seine eigene \u201eMeinung\u201c haben, aber Fakt ist, dass Deutschland ein strukturelles Problem mit seinem Rentensystem hat. Im Gegensatz zu anderen L\u00e4ndern zahlen hier ein F\u00fcnftel der Erwerbst\u00e4tigen in Versorgungswerke ein, Beamte und Menschen die ausschlie\u00dfliche von Mieteinnahmen und Zinsen leben, beteiligen sich gar nicht an der &hellip; <\/p>\n<p class=\"link-more\"><a href=\"https:\/\/theobald-media.de\/?p=295\" class=\"more-link\"><span class=\"screen-reader-text\">\u201eDie Rente ist sicher, man fragt sich nur, wie lange!\u201c<\/span> weiterlesen<\/a><\/p>\n","protected":false},"author":1,"featured_media":0,"comment_status":"open","ping_status":"open","sticky":false,"template":"","format":"standard","meta":{"footnotes":""},"categories":[1],"tags":[],"class_list":["post-295","post","type-post","status-publish","format-standard","hentry","category-uncategorized"],"_links":{"self":[{"href":"https:\/\/theobald-media.de\/index.php?rest_route=\/wp\/v2\/posts\/295","targetHints":{"allow":["GET"]}}],"collection":[{"href":"https:\/\/theobald-media.de\/index.php?rest_route=\/wp\/v2\/posts"}],"about":[{"href":"https:\/\/theobald-media.de\/index.php?rest_route=\/wp\/v2\/types\/post"}],"author":[{"embeddable":true,"href":"https:\/\/theobald-media.de\/index.php?rest_route=\/wp\/v2\/users\/1"}],"replies":[{"embeddable":true,"href":"https:\/\/theobald-media.de\/index.php?rest_route=%2Fwp%2Fv2%2Fcomments&post=295"}],"version-history":[{"count":1,"href":"https:\/\/theobald-media.de\/index.php?rest_route=\/wp\/v2\/posts\/295\/revisions"}],"predecessor-version":[{"id":296,"href":"https:\/\/theobald-media.de\/index.php?rest_route=\/wp\/v2\/posts\/295\/revisions\/296"}],"wp:attachment":[{"href":"https:\/\/theobald-media.de\/index.php?rest_route=%2Fwp%2Fv2%2Fmedia&parent=295"}],"wp:term":[{"taxonomy":"category","embeddable":true,"href":"https:\/\/theobald-media.de\/index.php?rest_route=%2Fwp%2Fv2%2Fcategories&post=295"},{"taxonomy":"post_tag","embeddable":true,"href":"https:\/\/theobald-media.de\/index.php?rest_route=%2Fwp%2Fv2%2Ftags&post=295"}],"curies":[{"name":"wp","href":"https:\/\/api.w.org\/{rel}","templated":true}]}}