{"id":301,"date":"2026-01-18T17:12:41","date_gmt":"2026-01-18T16:12:41","guid":{"rendered":"https:\/\/theobald-media.de\/?p=301"},"modified":"2026-02-06T11:29:47","modified_gmt":"2026-02-06T10:29:47","slug":"handyparken-und-die-digitalisierung","status":"publish","type":"post","link":"https:\/\/theobald-media.de\/?p=301","title":{"rendered":"Handyparken und die Digitalisierung"},"content":{"rendered":"<p>Wenn Rudolf Lenk beklagt, dass ihm niemand bei der Digitalisierung hilft, ist er wahrlich nicht alleine. Es gibt auch viele, die 20 Jahre sp\u00e4ter geboren sind und sich schwertun. Und hier ist die Kommune gefordert \u2013 dr\u00fcckt sich aber vor der \u201eAltenhilfe\u201c. Bei der \u201eJugendhilfe\u201c ist das anders und rechtlich wirksam.<\/p>\n<p>Deshalb muss die Altenhilfe auf das Niveau der Jugendhilfe gehoben werden, weil \u00e4ltere Menschen strukturell deutlich schlechter abgesichert sind, obwohl ihre gesellschaftliche Bedeutung stetig w\u00e4chst. W\u00e4hrend die Jugendhilfe in einem eigenen, sehr detaillierten Gesetzbuch (SGB VIII) geregelt ist, bleibt die Altenhilfe rechtlich fragmentiert und h\u00e4ufig nur als \u201eKann\u2011Leistung\u201c der Kommunen ausgestaltet.<\/p>\n<p>In der Kinder- und Jugendhilfe gibt es klare Rechtsanspr\u00fcche, definierte Zust\u00e4ndigkeiten der Jugend\u00e4mter und ein breites Spektrum an Pflichtleistungen, die junge Menschen und ihre Familien wirksam sch\u00fctzen und f\u00f6rdern sollen. Die Altenhilfe hingegen basiert im Kern auf einer vergleichsweise schwachen Norm im Sozialhilferecht, mit gro\u00dfen Ermessensspielr\u00e4umen f\u00fcr die Kommunen und ohne gleichwertige verbindliche Leistungsanspr\u00fcche f\u00fcr \u00e4ltere Menschen.<\/p>\n<p>Fr\u00fchzeitige, gut ausgebaute Altenhilfe \u2013 etwa durch Beratung, Quartiersarbeit, Begegnungsst\u00e4tten, soziale und kulturelle Angebote, Unterst\u00fctzung im Alltag \u2013 verhindert Vereinsamung, psychische Krisen, Pflegebed\u00fcrftigkeit und station\u00e4re Unterbringung. Was in der Jugendhilfe l\u00e4ngst als Investition in die Zukunft verstanden wird, muss im Bereich Alter als Investition in W\u00fcrde, Gesundheit und Teilhabe im letzten Lebensabschnitt anerkannt werden.<\/p>\n<p>Wenn Schwetzingen Kinder mit einem dicht gekn\u00fcpften Hilfesystem absichert, \u00e4ltere Menschen aber weitgehend auf das \u201eOb\u201c und \u201eWie\u201c kommunaler Freiwilligkeit verweist, entstehen faktisch Altersklassen erster und zweiter Ordnung \u2013 das widerspricht dem Gleichheitsgedanken des Sozialstaats.<\/p>\n<p>Damit verhindert wird, dass die Kommune die Lebensphase Alter auf Pflegef\u00e4lle und Kostenfaktoren reduziert, statt als aktive, f\u00f6rderungsw\u00fcrdige Phase ernst nimmt, wenden Sie sich Herr Lenk an den B\u00fcrgermeister ihrer Wahl, oder an einen entsprechenden Gemeinderat. Wenn das nicht helfen sollte, dann bleiben ihnen noch die gr\u00fcnschwarzen Landtagsabgeordneten Baumann und Sturm. Die sind jeden Tag in der Zeitung und wollen unbedingt wiedergew\u00e4hlt werden!<\/p>\n<p>Leserbrief in der Schwetzinger Zeitung<\/p>\n","protected":false},"excerpt":{"rendered":"<p>Wenn Rudolf Lenk beklagt, dass ihm niemand bei der Digitalisierung hilft, ist er wahrlich nicht alleine. Es gibt auch viele, die 20 Jahre sp\u00e4ter geboren sind und sich schwertun. Und hier ist die Kommune gefordert \u2013 dr\u00fcckt sich aber vor der \u201eAltenhilfe\u201c. Bei der \u201eJugendhilfe\u201c ist das anders und rechtlich wirksam. Deshalb muss die Altenhilfe &hellip; <\/p>\n<p class=\"link-more\"><a href=\"https:\/\/theobald-media.de\/?p=301\" class=\"more-link\"><span class=\"screen-reader-text\">\u201eHandyparken und die Digitalisierung\u201c<\/span> weiterlesen<\/a><\/p>\n","protected":false},"author":1,"featured_media":0,"comment_status":"open","ping_status":"open","sticky":false,"template":"","format":"standard","meta":{"footnotes":""},"categories":[1],"tags":[],"class_list":["post-301","post","type-post","status-publish","format-standard","hentry","category-uncategorized"],"_links":{"self":[{"href":"https:\/\/theobald-media.de\/index.php?rest_route=\/wp\/v2\/posts\/301","targetHints":{"allow":["GET"]}}],"collection":[{"href":"https:\/\/theobald-media.de\/index.php?rest_route=\/wp\/v2\/posts"}],"about":[{"href":"https:\/\/theobald-media.de\/index.php?rest_route=\/wp\/v2\/types\/post"}],"author":[{"embeddable":true,"href":"https:\/\/theobald-media.de\/index.php?rest_route=\/wp\/v2\/users\/1"}],"replies":[{"embeddable":true,"href":"https:\/\/theobald-media.de\/index.php?rest_route=%2Fwp%2Fv2%2Fcomments&post=301"}],"version-history":[{"count":2,"href":"https:\/\/theobald-media.de\/index.php?rest_route=\/wp\/v2\/posts\/301\/revisions"}],"predecessor-version":[{"id":304,"href":"https:\/\/theobald-media.de\/index.php?rest_route=\/wp\/v2\/posts\/301\/revisions\/304"}],"wp:attachment":[{"href":"https:\/\/theobald-media.de\/index.php?rest_route=%2Fwp%2Fv2%2Fmedia&parent=301"}],"wp:term":[{"taxonomy":"category","embeddable":true,"href":"https:\/\/theobald-media.de\/index.php?rest_route=%2Fwp%2Fv2%2Fcategories&post=301"},{"taxonomy":"post_tag","embeddable":true,"href":"https:\/\/theobald-media.de\/index.php?rest_route=%2Fwp%2Fv2%2Ftags&post=301"}],"curies":[{"name":"wp","href":"https:\/\/api.w.org\/{rel}","templated":true}]}}